{"id":203,"date":"2021-05-24T15:35:50","date_gmt":"2021-05-24T15:35:50","guid":{"rendered":"https:\/\/decolonizinginvienna.at\/?p=203"},"modified":"2021-05-24T15:35:50","modified_gmt":"2021-05-24T15:35:50","slug":"dekoloniale-utopien-welche-denkmaeler-brauchen-wir","status":"publish","type":"post","link":"https:\/\/decolonizinginvienna.at\/?p=203","title":{"rendered":"Dekoloniale Utopien: Welche Denkm\u00e4ler brauchen wir?"},"content":{"rendered":"\n<p>Die Abteilung \u201e\u00c4sthetik und Pragmatik audiovisueller Medien\u201c und die Ober\u00f6sterreichische Gesellschaft f\u00fcr Kulturpolitik (gfk o\u00f6) luden zur Online Podiumsdiskussion. Mit Carla Bobadilla (K\u00fcnstlerin, Wien), Hannimari Jokinen (K\u00fcnstlerin, Hamburg) und Gabriela Gordillo \/ Sara Pi\u00f1eros (maiz, Linz) Dekoloniale Utopien: Welche Denkm\u00e4ler brauchen wir? Im Rahmen der \u201eBlack Lives Matter\u201c-Proteste, die sich 2013 formiert haben, wurden in den USA, in S\u00fcdafrika und in vielen anderen L\u00e4ndern zahlreiche Denkm\u00e4ler gest\u00fcrzt, demontiert, zerst\u00f6rt, ver\u00e4ndert, thematisiert und diskutiert. Betroffen waren und sind v. a. Denkm\u00e4ler, die Kolonisatoren, Sklavenh\u00e4ndlern, M\u00f6rdern und Rassisten gewidmet sind. Auch in Deutschland werden solche Denkm\u00e4ler problematisiert, in \u00d6sterreich ist es dagegen vergleichsweise ruhig, obwohl es gen\u00fcgend umstrittene Denkm\u00e4ler gibt.Dekoloniale Utopien: Wie soll mit diesen bereits vorhandenen Denkm\u00e4lern f\u00fcr Gewaltt\u00e4ter umgegangen werden? Sollen neue Denkm\u00e4ler errichtet werden? Wie k\u00f6nnte eine dekoloniale Stadt aussehen? Braucht sie Denkm\u00e4ler? Wof\u00fcr k\u00f6nnten sie stehen und wie k\u00f6nnten sie aussehen? Diese Fragen wollen wir mit vier K\u00fcnstlerinnen aus Hamburg, Wien und Linz diskutieren, die sich seit Jahren mit Denkm\u00e4lern auseinandersetzen.<\/p>\n\n\n\n<figure class=\"wp-block-embed is-type-video is-provider-youtube wp-block-embed-youtube wp-embed-aspect-16-9 wp-has-aspect-ratio\"><div class=\"wp-block-embed__wrapper\">\n<iframe title=\"Dekoloniale Utopien: Welche Denkm\u00e4ler brauchen wir?\" width=\"750\" height=\"422\" src=\"https:\/\/www.youtube.com\/embed\/7LGiAFkFg5Q?feature=oembed\" frameborder=\"0\" allow=\"accelerometer; autoplay; clipboard-write; encrypted-media; gyroscope; picture-in-picture\" allowfullscreen><\/iframe>\n<\/div><\/figure>\n","protected":false},"excerpt":{"rendered":"<p>Die Abteilung \u201e\u00c4sthetik und Pragmatik audiovisueller Medien\u201c und die Ober\u00f6sterreichische Gesellschaft f\u00fcr Kulturpolitik (gfk o\u00f6) luden zur Online Podiumsdiskussion. Mit Carla Bobadilla (K\u00fcnstlerin, Wien), Hannimari Jokinen (K\u00fcnstlerin, Hamburg) und Gabriela Gordillo \/ Sara Pi\u00f1eros (maiz, Linz) Dekoloniale Utopien: Welche Denkm\u00e4ler brauchen wir? Im Rahmen der \u201eBlack Lives Matter\u201c-Proteste, die sich 2013 formiert haben, wurden in&hellip; <a class=\"more-link\" href=\"https:\/\/decolonizinginvienna.at\/?p=203\"><span class=\"screen-reader-text\">Dekoloniale Utopien: Welche Denkm\u00e4ler brauchen wir?<\/span> weiterlesen<\/a><\/p>\n","protected":false},"author":1,"featured_media":0,"comment_status":"closed","ping_status":"open","sticky":false,"template":"","format":"standard","meta":[],"categories":[1],"tags":[],"_links":{"self":[{"href":"https:\/\/decolonizinginvienna.at\/index.php?rest_route=\/wp\/v2\/posts\/203"}],"collection":[{"href":"https:\/\/decolonizinginvienna.at\/index.php?rest_route=\/wp\/v2\/posts"}],"about":[{"href":"https:\/\/decolonizinginvienna.at\/index.php?rest_route=\/wp\/v2\/types\/post"}],"author":[{"embeddable":true,"href":"https:\/\/decolonizinginvienna.at\/index.php?rest_route=\/wp\/v2\/users\/1"}],"replies":[{"embeddable":true,"href":"https:\/\/decolonizinginvienna.at\/index.php?rest_route=%2Fwp%2Fv2%2Fcomments&post=203"}],"version-history":[{"count":1,"href":"https:\/\/decolonizinginvienna.at\/index.php?rest_route=\/wp\/v2\/posts\/203\/revisions"}],"predecessor-version":[{"id":204,"href":"https:\/\/decolonizinginvienna.at\/index.php?rest_route=\/wp\/v2\/posts\/203\/revisions\/204"}],"wp:attachment":[{"href":"https:\/\/decolonizinginvienna.at\/index.php?rest_route=%2Fwp%2Fv2%2Fmedia&parent=203"}],"wp:term":[{"taxonomy":"category","embeddable":true,"href":"https:\/\/decolonizinginvienna.at\/index.php?rest_route=%2Fwp%2Fv2%2Fcategories&post=203"},{"taxonomy":"post_tag","embeddable":true,"href":"https:\/\/decolonizinginvienna.at\/index.php?rest_route=%2Fwp%2Fv2%2Ftags&post=203"}],"curies":[{"name":"wp","href":"https:\/\/api.w.org\/{rel}","templated":true}]}}